{"id":69,"date":"2022-02-07T15:52:36","date_gmt":"2022-02-07T15:52:36","guid":{"rendered":"http:\/\/radiomangle.org\/radiomangle.org\/?p=69"},"modified":"2022-02-17T03:31:36","modified_gmt":"2022-02-17T03:31:36","slug":"90-anos-despues-del-levantamiento-y-genocidio-de-1932","status":"publish","type":"post","link":"https:\/\/radiomangle.org\/radiomangle.org\/2022\/02\/07\/90-anos-despues-del-levantamiento-y-genocidio-de-1932\/","title":{"rendered":"90 a\u00f1os despu\u00e9s del levantamiento y genocidio de 1932"},"content":{"rendered":"<body>\n<figure class=\"wp-block-image size-full\"><img data-recalc-dims=\"1\" decoding=\"async\" width=\"640\" height=\"413\" src=\"https:\/\/i0.wp.com\/radiomangle.org\/radiomangle.org\/wp-content\/uploads\/2022\/02\/WhatsApp-Image-2022-01-22-at-8.01.43-AM-760x490-1.jpeg?resize=640%2C413\" alt=\"\" class=\"wp-image-70\" loading=\"lazy\" srcset=\"https:\/\/i0.wp.com\/radiomangle.org\/radiomangle.org\/wp-content\/uploads\/2022\/02\/WhatsApp-Image-2022-01-22-at-8.01.43-AM-760x490-1.jpeg?w=760&amp;ssl=1 760w, https:\/\/i0.wp.com\/radiomangle.org\/radiomangle.org\/wp-content\/uploads\/2022\/02\/WhatsApp-Image-2022-01-22-at-8.01.43-AM-760x490-1.jpeg?resize=300%2C193&amp;ssl=1 300w\" sizes=\"auto, (max-width: 640px) 100vw, 640px\" \/><\/figure>\n\n\n\n<p>El 22 de enero de 1932 inici\u00f3 un hist\u00f3rico levantamiento ind\u00edgena-campesino que reclamaba por el despojo de tierras, precarias condiciones laborales y las desigualdades que viv\u00eda la poblaci\u00f3n en ese entonces.<\/p>\n\n\n\n<p>La fiebre del \u201cgrano del oro\u201d, como era conocido el caf\u00e9, provoc\u00f3 que terratenientes tomaran tierras de las comunidades para la cosecha de este cultivo, lo cual les llev\u00f3 de ser propietarios a convertirse en colonos y sobrevivir en la precariedad, principalmente despu\u00e9s de la crisis econ\u00f3mica mundial de los a\u00f1os 30\u2019s, cuando el precio del caf\u00e9 cay\u00f3 y los salarios se redujeron.<\/p>\n<\/body>","protected":false},"excerpt":{"rendered":"<p>El 22 de enero de 1932 inici\u00f3 un hist\u00f3rico levantamiento ind\u00edgena-campesino que reclamaba por el despojo de tierras, precarias condiciones laborales y las desigualdades que viv\u00eda la poblaci\u00f3n en ese entonces. La fiebre del \u201cgrano del oro\u201d, como era conocido el caf\u00e9, provoc\u00f3 que terratenientes tomaran tierras de las comunidades para la cosecha de este [&hellip;]<\/p>\n","protected":false},"author":1,"featured_media":70,"comment_status":"open","ping_status":"open","sticky":false,"template":"","format":"standard","meta":{"om_disable_all_campaigns":false,"pagelayer_contact_templates":[],"_pagelayer_content":"","_jetpack_memberships_contains_paid_content":false,"footnotes":""},"categories":[4],"tags":[],"class_list":["post-69","post","type-post","status-publish","format-standard","has-post-thumbnail","hentry","category-nacionales"],"jetpack_featured_media_url":"https:\/\/i0.wp.com\/radiomangle.org\/radiomangle.org\/wp-content\/uploads\/2022\/02\/WhatsApp-Image-2022-01-22-at-8.01.43-AM-760x490-1.jpeg?fit=760%2C490&ssl=1","jetpack_sharing_enabled":true,"_links":{"self":[{"href":"https:\/\/radiomangle.org\/radiomangle.org\/wp-json\/wp\/v2\/posts\/69","targetHints":{"allow":["GET"]}}],"collection":[{"href":"https:\/\/radiomangle.org\/radiomangle.org\/wp-json\/wp\/v2\/posts"}],"about":[{"href":"https:\/\/radiomangle.org\/radiomangle.org\/wp-json\/wp\/v2\/types\/post"}],"author":[{"embeddable":true,"href":"https:\/\/radiomangle.org\/radiomangle.org\/wp-json\/wp\/v2\/users\/1"}],"replies":[{"embeddable":true,"href":"https:\/\/radiomangle.org\/radiomangle.org\/wp-json\/wp\/v2\/comments?post=69"}],"version-history":[{"count":5,"href":"https:\/\/radiomangle.org\/radiomangle.org\/wp-json\/wp\/v2\/posts\/69\/revisions"}],"predecessor-version":[{"id":101,"href":"https:\/\/radiomangle.org\/radiomangle.org\/wp-json\/wp\/v2\/posts\/69\/revisions\/101"}],"wp:featuredmedia":[{"embeddable":true,"href":"https:\/\/radiomangle.org\/radiomangle.org\/wp-json\/wp\/v2\/media\/70"}],"wp:attachment":[{"href":"https:\/\/radiomangle.org\/radiomangle.org\/wp-json\/wp\/v2\/media?parent=69"}],"wp:term":[{"taxonomy":"category","embeddable":true,"href":"https:\/\/radiomangle.org\/radiomangle.org\/wp-json\/wp\/v2\/categories?post=69"},{"taxonomy":"post_tag","embeddable":true,"href":"https:\/\/radiomangle.org\/radiomangle.org\/wp-json\/wp\/v2\/tags?post=69"}],"curies":[{"name":"wp","href":"https:\/\/api.w.org\/{rel}","templated":true}]}}