{"id":142,"date":"2022-03-11T21:31:20","date_gmt":"2022-03-11T21:31:20","guid":{"rendered":"http:\/\/radiomangle.org\/radiomangle.org\/?p=142"},"modified":"2022-03-14T16:38:20","modified_gmt":"2022-03-14T16:38:20","slug":"8-de-marzo-dia-internacional-de-la-mujer","status":"publish","type":"post","link":"https:\/\/radiomangle.org\/radiomangle.org\/2022\/03\/11\/8-de-marzo-dia-internacional-de-la-mujer\/","title":{"rendered":"8 de Marzo D\u00eda Internacional de la Mujer"},"content":{"rendered":"<body>\n<figure class=\"wp-block-image size-large\"><img data-recalc-dims=\"1\" decoding=\"async\" width=\"640\" height=\"231\" src=\"https:\/\/i0.wp.com\/radiomangle.org\/radiomangle.org\/wp-content\/uploads\/2022\/03\/Presentacion1-1.png?resize=640%2C231&#038;ssl=1\" alt=\"\" class=\"wp-image-151\" loading=\"lazy\" srcset=\"https:\/\/i0.wp.com\/radiomangle.org\/radiomangle.org\/wp-content\/uploads\/2022\/03\/Presentacion1-1.png?resize=1024%2C370&amp;ssl=1 1024w, https:\/\/i0.wp.com\/radiomangle.org\/radiomangle.org\/wp-content\/uploads\/2022\/03\/Presentacion1-1.png?resize=300%2C108&amp;ssl=1 300w, https:\/\/i0.wp.com\/radiomangle.org\/radiomangle.org\/wp-content\/uploads\/2022\/03\/Presentacion1-1.png?resize=768%2C277&amp;ssl=1 768w, https:\/\/i0.wp.com\/radiomangle.org\/radiomangle.org\/wp-content\/uploads\/2022\/03\/Presentacion1-1.png?w=1274&amp;ssl=1 1274w\" sizes=\"auto, (max-width: 640px) 100vw, 640px\" \/><figcaption>Por: Ver\u00f3nica Cruz<\/figcaption><\/figure>\n\n\n\n<p>El 8 de marzo se conmemora el D\u00eda Internacional de la Mujer, fecha para luchar por la igualdad, la participaci\u00f3n y el empoderamiento de la mujer en la sociedad. Al oriente del pa\u00eds el Foro Nacional de Salud y la Mesa Sectorial de Salud Sexual y Reproductiva, se concentraron en el redondel del Bypass en Usulut\u00e1n, para demandar al estado la reducci\u00f3n del presupuesto para pol\u00edticas p\u00fablicas a favor de ni\u00f1as y mujeres.<\/p>\n\n\n\n<p>Gloria cruz del Foro Nacional de Salud menciono las demandas en retrocesos en materia de derechos hacia las mujeres, dijo \u201cque el tema de seguridad es muy preocupante y recalco que solo en el a\u00f1o 2021 se cerr\u00f3 con 132 feminicidio y 707 mujeres desaparecidas\u201d.\u00a0<\/p>\n\n\n\n<p>Siendo as\u00ed un d\u00eda para reflexionar la memoria hist\u00f3rica de la lucha de las mujeres por transformar la realidad tan desigual y la discriminaci\u00f3n que la mujer ha vivido solo por ser mujer y as\u00ed garantizar el respeto a sus derechos. Las mujeres hicieron un llamado al gobierno a seguir trabajando por el bienestar de las ni\u00f1as y mujeres en el pa\u00eds.\u00a0<\/p>\n\n\n\n<p>A nivel nacional diferentes organizaciones feministas marchan para demandar al estado acciones en diversos temas como la inseguridad, los feminicidios y las desapariciones que han quedado en el olvido.<\/p>\n\n\n\n<p>Por: Teresa Orellana <\/p>\n<\/body>","protected":false},"excerpt":{"rendered":"<p>El 8 de marzo se conmemora el D\u00eda Internacional de la Mujer, fecha para luchar por la igualdad, la participaci\u00f3n y el empoderamiento de la mujer en la sociedad. Al oriente del pa\u00eds el Foro Nacional de Salud y la Mesa Sectorial de Salud Sexual y Reproductiva, se concentraron en el redondel del Bypass en [&hellip;]<\/p>\n","protected":false},"author":1,"featured_media":143,"comment_status":"open","ping_status":"open","sticky":false,"template":"","format":"standard","meta":{"om_disable_all_campaigns":false,"pagelayer_contact_templates":[],"_pagelayer_content":"","_jetpack_memberships_contains_paid_content":false,"footnotes":""},"categories":[4],"tags":[],"class_list":["post-142","post","type-post","status-publish","format-standard","has-post-thumbnail","hentry","category-nacionales"],"jetpack_featured_media_url":"https:\/\/i0.wp.com\/radiomangle.org\/radiomangle.org\/wp-content\/uploads\/2022\/03\/IMG-20220311-WA0014.jpg?fit=1006%2C852&ssl=1","jetpack_sharing_enabled":true,"_links":{"self":[{"href":"https:\/\/radiomangle.org\/radiomangle.org\/wp-json\/wp\/v2\/posts\/142","targetHints":{"allow":["GET"]}}],"collection":[{"href":"https:\/\/radiomangle.org\/radiomangle.org\/wp-json\/wp\/v2\/posts"}],"about":[{"href":"https:\/\/radiomangle.org\/radiomangle.org\/wp-json\/wp\/v2\/types\/post"}],"author":[{"embeddable":true,"href":"https:\/\/radiomangle.org\/radiomangle.org\/wp-json\/wp\/v2\/users\/1"}],"replies":[{"embeddable":true,"href":"https:\/\/radiomangle.org\/radiomangle.org\/wp-json\/wp\/v2\/comments?post=142"}],"version-history":[{"count":6,"href":"https:\/\/radiomangle.org\/radiomangle.org\/wp-json\/wp\/v2\/posts\/142\/revisions"}],"predecessor-version":[{"id":153,"href":"https:\/\/radiomangle.org\/radiomangle.org\/wp-json\/wp\/v2\/posts\/142\/revisions\/153"}],"wp:featuredmedia":[{"embeddable":true,"href":"https:\/\/radiomangle.org\/radiomangle.org\/wp-json\/wp\/v2\/media\/143"}],"wp:attachment":[{"href":"https:\/\/radiomangle.org\/radiomangle.org\/wp-json\/wp\/v2\/media?parent=142"}],"wp:term":[{"taxonomy":"category","embeddable":true,"href":"https:\/\/radiomangle.org\/radiomangle.org\/wp-json\/wp\/v2\/categories?post=142"},{"taxonomy":"post_tag","embeddable":true,"href":"https:\/\/radiomangle.org\/radiomangle.org\/wp-json\/wp\/v2\/tags?post=142"}],"curies":[{"name":"wp","href":"https:\/\/api.w.org\/{rel}","templated":true}]}}