{"id":130,"date":"2022-03-08T15:57:14","date_gmt":"2022-03-08T15:57:14","guid":{"rendered":"https:\/\/radiomangle.org\/radiomangle.org\/?p=130"},"modified":"2022-03-08T15:58:23","modified_gmt":"2022-03-08T15:58:23","slug":"preocupacion-por-creciente-perdidas-de-los-humedales","status":"publish","type":"post","link":"https:\/\/radiomangle.org\/radiomangle.org\/2022\/03\/08\/preocupacion-por-creciente-perdidas-de-los-humedales\/","title":{"rendered":"PREOCUPACI\u00d3N POR CRECIENTE PERDIDAS DE LOS HUMEDALES."},"content":{"rendered":"<body>\n<figure class=\"wp-block-image size-full\"><img data-recalc-dims=\"1\" decoding=\"async\" width=\"640\" height=\"426\" src=\"https:\/\/i0.wp.com\/radiomangle.org\/radiomangle.org\/wp-content\/uploads\/2022\/03\/imagen_2022-03-08_093005.png?resize=640%2C426\" alt=\"\" class=\"wp-image-131\" loading=\"lazy\" srcset=\"https:\/\/i0.wp.com\/radiomangle.org\/radiomangle.org\/wp-content\/uploads\/2022\/03\/imagen_2022-03-08_093005.png?w=689&amp;ssl=1 689w, https:\/\/i0.wp.com\/radiomangle.org\/radiomangle.org\/wp-content\/uploads\/2022\/03\/imagen_2022-03-08_093005.png?resize=300%2C200&amp;ssl=1 300w\" sizes=\"auto, (max-width: 640px) 100vw, 640px\" \/><\/figure>\n\n\n\n<p>El 02 de febrero d\u00eda mundial de los humedales, fecha decretada por la convenci\u00f3n de los humedales que se realiz\u00f3 en la ciudad de Ramsar de Ir\u00e1n en 1971, acuerdo negociado por pa\u00edses y organizaciones no gubernamentales.<\/p>\n\n\n\n<figure class=\"wp-block-image size-full\"><img data-recalc-dims=\"1\" decoding=\"async\" width=\"640\" height=\"359\" src=\"https:\/\/i0.wp.com\/radiomangle.org\/radiomangle.org\/wp-content\/uploads\/2022\/03\/imagen_2022-03-08_093136.png?resize=640%2C359\" alt=\"\" class=\"wp-image-132\" loading=\"lazy\" srcset=\"https:\/\/i0.wp.com\/radiomangle.org\/radiomangle.org\/wp-content\/uploads\/2022\/03\/imagen_2022-03-08_093136.png?w=818&amp;ssl=1 818w, https:\/\/i0.wp.com\/radiomangle.org\/radiomangle.org\/wp-content\/uploads\/2022\/03\/imagen_2022-03-08_093136.png?resize=300%2C168&amp;ssl=1 300w, https:\/\/i0.wp.com\/radiomangle.org\/radiomangle.org\/wp-content\/uploads\/2022\/03\/imagen_2022-03-08_093136.png?resize=768%2C431&amp;ssl=1 768w\" sizes=\"auto, (max-width: 640px) 100vw, 640px\" \/><figcaption>por: Ver\u00f3nica Cruz<\/figcaption><\/figure>\n\n\n\n<p>Preocupados por la abundante perdida y degradaci\u00f3n de los humedales, debido a la gran contaminaci\u00f3n y el cambio clim\u00e1tico que sufre nuestro planeta tierra, siendo un ecosistema muy importante para la purificaci\u00f3n del agua, como tambi\u00e9n dar protecci\u00f3n a las comunidades sobre las inundaciones a trav\u00e9s las plantas y especies, que hacen un soporte junto con el manglar en el tiempo de invierno.<\/p>\n\n\n\n<div class=\"wp-block-image\"><figure class=\"alignleft size-full is-resized\"><img data-recalc-dims=\"1\" decoding=\"async\" src=\"https:\/\/i0.wp.com\/radiomangle.org\/radiomangle.org\/wp-content\/uploads\/2022\/03\/imagen_2022-03-08_093653.png?resize=207%2C205\" alt=\"\" class=\"wp-image-134\" width=\"207\" height=\"205\" loading=\"lazy\" srcset=\"https:\/\/i0.wp.com\/radiomangle.org\/radiomangle.org\/wp-content\/uploads\/2022\/03\/imagen_2022-03-08_093653.png?w=464&amp;ssl=1 464w, https:\/\/i0.wp.com\/radiomangle.org\/radiomangle.org\/wp-content\/uploads\/2022\/03\/imagen_2022-03-08_093653.png?resize=300%2C297&amp;ssl=1 300w, https:\/\/i0.wp.com\/radiomangle.org\/radiomangle.org\/wp-content\/uploads\/2022\/03\/imagen_2022-03-08_093653.png?resize=150%2C150&amp;ssl=1 150w\" sizes=\"auto, (max-width: 207px) 100vw, 207px\" \/><\/figure><\/div>\n\n\n\n<p>El director Ejecutivo de Asociaci\u00f3n Mangle, Jos\u00e9 Mar\u00eda Argueta, explica sobre la importancia y el trabajo que desarrollan los humedales: \u201d Los humedales son de vital importancia para nuestro planeta, son las arterias y venas paisaje, son ecosistema de importancia internacional; por lo que nos brindan muchos beneficios a nivel global y a nivel pa\u00eds, algunas de las razones de su importancia: ayudan a limpiar o purificar el agua, pues los humedales depuran algunos de los contaminantes que pudieran ser nocivos a la especie humana, \u00bfC\u00f3mo hacen esta funci\u00f3n? pues en los humedales hay una diversidades especies de plantas o moluscos y otros que ayudan a depurar cualquier contaminante que venga desde la parte alta de la cuenca. Tambi\u00e9n dan protecci\u00f3n a las comunidades, ya que dentro de ellos existen una ramificaci\u00f3n de plantas y especies que ayudan amortiguar las inundaciones, ejemplo de ellos es el bosque manglar que es un ecosistema bien complejo y detiene cualquier inundaci\u00f3n que vaya directamente a las comunidades o si viene un tsunami u otro fen\u00f3meno natural\u201d. concluyo el director ejecutivo de Asociaci\u00f3n Mangle.<br>Asociaci\u00f3n Mangle trabaja para mejorar las condiciones de vida de la poblaci\u00f3n en la Reserva de biosfera, contribuyendo a la conservaci\u00f3n y manejo integral de la cuenca y Reserva de Biosfera Xiriualtique Jiquilisco. Implementando las t\u00e9cnicas comunitarias de Restauraci\u00f3n Ecol\u00f3gica de Manglares (REM), desarrollando procesos de educaci\u00f3n para el fortalecimiento de capacidades relacionadas con la gesti\u00f3n ambiental, gesti\u00f3n del riesgo y medidas de adaptaci\u00f3n al cambio clim\u00e1tico.<br>Para concluir, el manglar y los humedales hacen un gran trabajo fundamental, donde desarrollan procesos de captura de carbono para evitar que estos gases afecten a la atmosfera, al ser humano y mantener viva la biodiversidad, siendo as\u00ed que los humedales proveen alimentos y un ingreso econ\u00f3mico para personas que desarrollan actividades de pesca entre otras actividades.<\/p>\n<\/body>","protected":false},"excerpt":{"rendered":"<p>El 02 de febrero d\u00eda mundial de los humedales, fecha decretada por la convenci\u00f3n de los humedales que se realiz\u00f3 en la ciudad de Ramsar de Ir\u00e1n en 1971, acuerdo negociado por pa\u00edses y organizaciones no gubernamentales. Preocupados por la abundante perdida y degradaci\u00f3n de los humedales, debido a la gran contaminaci\u00f3n y el cambio [&hellip;]<\/p>\n","protected":false},"author":1,"featured_media":131,"comment_status":"open","ping_status":"open","sticky":false,"template":"","format":"standard","meta":{"om_disable_all_campaigns":false,"pagelayer_contact_templates":[],"_pagelayer_content":"","_jetpack_memberships_contains_paid_content":false,"footnotes":""},"categories":[4],"tags":[],"class_list":["post-130","post","type-post","status-publish","format-standard","has-post-thumbnail","hentry","category-nacionales"],"jetpack_featured_media_url":"https:\/\/i0.wp.com\/radiomangle.org\/radiomangle.org\/wp-content\/uploads\/2022\/03\/imagen_2022-03-08_093005.png?fit=689%2C459&ssl=1","jetpack_sharing_enabled":true,"_links":{"self":[{"href":"https:\/\/radiomangle.org\/radiomangle.org\/wp-json\/wp\/v2\/posts\/130","targetHints":{"allow":["GET"]}}],"collection":[{"href":"https:\/\/radiomangle.org\/radiomangle.org\/wp-json\/wp\/v2\/posts"}],"about":[{"href":"https:\/\/radiomangle.org\/radiomangle.org\/wp-json\/wp\/v2\/types\/post"}],"author":[{"embeddable":true,"href":"https:\/\/radiomangle.org\/radiomangle.org\/wp-json\/wp\/v2\/users\/1"}],"replies":[{"embeddable":true,"href":"https:\/\/radiomangle.org\/radiomangle.org\/wp-json\/wp\/v2\/comments?post=130"}],"version-history":[{"count":5,"href":"https:\/\/radiomangle.org\/radiomangle.org\/wp-json\/wp\/v2\/posts\/130\/revisions"}],"predecessor-version":[{"id":139,"href":"https:\/\/radiomangle.org\/radiomangle.org\/wp-json\/wp\/v2\/posts\/130\/revisions\/139"}],"wp:featuredmedia":[{"embeddable":true,"href":"https:\/\/radiomangle.org\/radiomangle.org\/wp-json\/wp\/v2\/media\/131"}],"wp:attachment":[{"href":"https:\/\/radiomangle.org\/radiomangle.org\/wp-json\/wp\/v2\/media?parent=130"}],"wp:term":[{"taxonomy":"category","embeddable":true,"href":"https:\/\/radiomangle.org\/radiomangle.org\/wp-json\/wp\/v2\/categories?post=130"},{"taxonomy":"post_tag","embeddable":true,"href":"https:\/\/radiomangle.org\/radiomangle.org\/wp-json\/wp\/v2\/tags?post=130"}],"curies":[{"name":"wp","href":"https:\/\/api.w.org\/{rel}","templated":true}]}}