{"id":119,"date":"2022-03-06T00:21:41","date_gmt":"2022-03-06T00:21:41","guid":{"rendered":"https:\/\/radiomangle.org\/radiomangle.org\/?p=119"},"modified":"2022-03-08T15:58:32","modified_gmt":"2022-03-08T15:58:32","slug":"mercado-agroecologico-de-productores-y-productoras-del-bajo-lempa","status":"publish","type":"post","link":"https:\/\/radiomangle.org\/radiomangle.org\/2022\/03\/06\/mercado-agroecologico-de-productores-y-productoras-del-bajo-lempa\/","title":{"rendered":"Mercado Agroecol\u00f3gico de Productores y Productoras del Bajo Lempa"},"content":{"rendered":"<body>\n<figure class=\"wp-block-image size-large\"><img data-recalc-dims=\"1\" decoding=\"async\" width=\"640\" height=\"288\" src=\"https:\/\/i0.wp.com\/radiomangle.org\/radiomangle.org\/wp-content\/uploads\/2022\/03\/20220304_092413.jpg?resize=640%2C288&#038;ssl=1\" alt=\"\" class=\"wp-image-120\" loading=\"lazy\" srcset=\"https:\/\/i0.wp.com\/radiomangle.org\/radiomangle.org\/wp-content\/uploads\/2022\/03\/20220304_092413-scaled.jpg?resize=1024%2C461&amp;ssl=1 1024w, https:\/\/i0.wp.com\/radiomangle.org\/radiomangle.org\/wp-content\/uploads\/2022\/03\/20220304_092413-scaled.jpg?resize=300%2C135&amp;ssl=1 300w, https:\/\/i0.wp.com\/radiomangle.org\/radiomangle.org\/wp-content\/uploads\/2022\/03\/20220304_092413-scaled.jpg?resize=768%2C346&amp;ssl=1 768w, https:\/\/i0.wp.com\/radiomangle.org\/radiomangle.org\/wp-content\/uploads\/2022\/03\/20220304_092413-scaled.jpg?resize=1536%2C691&amp;ssl=1 1536w, https:\/\/i0.wp.com\/radiomangle.org\/radiomangle.org\/wp-content\/uploads\/2022\/03\/20220304_092413-scaled.jpg?resize=2048%2C922&amp;ssl=1 2048w, https:\/\/i0.wp.com\/radiomangle.org\/radiomangle.org\/wp-content\/uploads\/2022\/03\/20220304_092413-scaled.jpg?w=1280&amp;ssl=1 1280w, https:\/\/i0.wp.com\/radiomangle.org\/radiomangle.org\/wp-content\/uploads\/2022\/03\/20220304_092413-scaled.jpg?w=1920&amp;ssl=1 1920w\" sizes=\"auto, (max-width: 640px) 100vw, 640px\" \/><figcaption>Por: Teresa Orellana<\/figcaption><\/figure>\n\n\n\n<p>M\u00e1s de 30 productores y productoras de diferentes zonas de la Bah\u00eda de Jiquilisco participaron en el Primer Mercado Agroecol\u00f3gico, que se realiz\u00f3 este d\u00eda en las oficinas de Asociaci\u00f3n Mangle, ubicadas en la comunidad Ciudad Romero, en donde se puso a la disposici\u00f3n de los clientes diversidad de productos 100% org\u00e1nicos.<\/p>\n\n\n\n<p><\/p>\n\n\n\n<p>Eusebio Ortiz productor agroecol\u00f3gico de la comunidad Amando L\u00f3pez, dijo que es de mucha importancia cosechar y consumir productos sanos, libres de qu\u00edmicos y as\u00ed recuperar todo el da\u00f1o que se le ha hecho a la madre tierra y manifest\u00f3 que hay que dejarles un legado a las nuevas generaciones para que vayan poniendo en pr\u00e1ctica acciones a favor de nuestra salud y de la tierra.\u00a0<\/p>\n\n\n\n<p>Las y los productores manifestaron sentirse contentos con estos espacios que impulsan el comercio y contribuye en la generaci\u00f3n de ingresos econ\u00f3micos a las familias y brinda una oportunidad para vender productos agroecol\u00f3gicos de buena calidad a la poblaci\u00f3n, adem\u00e1s dijeron que esperan que espacios como este se implementen m\u00e1s seguido y as\u00ed ampliar m\u00e1s la demanda de estos mercados agroecol\u00f3gicos.<\/p>\n\n\n\n<p>As\u00ed mismo en este mercado hubo tambi\u00e9n productos artesanales como diversidad de pulseras de macram\u00e9 y llaveros que van desde los 50 centavos hasta 1.50 y productos como miel de abeja, ceviche de camar\u00f3n, sopa de tortilla, guarapo de ca\u00f1a y de mara\u00f1\u00f3n, cacao, plantas arom\u00e1ticas y ornamentales.<\/p>\n\n\n\n<p>El primer mercado de productores agroecol\u00f3gicos es una iniciativa que impulsa la Asociaci\u00f3n Mangle, con el apoyo de la Fundaci\u00f3n Interamericana FIA, con el objetivo de incentivar a la poblaci\u00f3n a producir de manera sana, limpia y nutritivo libre de agro t\u00f3xicos.<\/p>\n<\/body>","protected":false},"excerpt":{"rendered":"<p>M\u00e1s de 30 productores y productoras de diferentes zonas de la Bah\u00eda de Jiquilisco participaron en el Primer Mercado Agroecol\u00f3gico, que se realiz\u00f3 este d\u00eda en las oficinas de Asociaci\u00f3n Mangle, ubicadas en la comunidad Ciudad Romero, en donde se puso a la disposici\u00f3n de los clientes diversidad de productos 100% org\u00e1nicos. Eusebio Ortiz productor [&hellip;]<\/p>\n","protected":false},"author":1,"featured_media":120,"comment_status":"open","ping_status":"open","sticky":false,"template":"","format":"standard","meta":{"om_disable_all_campaigns":false,"pagelayer_contact_templates":[],"_pagelayer_content":"","_jetpack_memberships_contains_paid_content":false,"footnotes":""},"categories":[4],"tags":[],"class_list":["post-119","post","type-post","status-publish","format-standard","has-post-thumbnail","hentry","category-nacionales"],"jetpack_featured_media_url":"https:\/\/i0.wp.com\/radiomangle.org\/radiomangle.org\/wp-content\/uploads\/2022\/03\/20220304_092413-scaled.jpg?fit=2560%2C1152&ssl=1","jetpack_sharing_enabled":true,"_links":{"self":[{"href":"https:\/\/radiomangle.org\/radiomangle.org\/wp-json\/wp\/v2\/posts\/119","targetHints":{"allow":["GET"]}}],"collection":[{"href":"https:\/\/radiomangle.org\/radiomangle.org\/wp-json\/wp\/v2\/posts"}],"about":[{"href":"https:\/\/radiomangle.org\/radiomangle.org\/wp-json\/wp\/v2\/types\/post"}],"author":[{"embeddable":true,"href":"https:\/\/radiomangle.org\/radiomangle.org\/wp-json\/wp\/v2\/users\/1"}],"replies":[{"embeddable":true,"href":"https:\/\/radiomangle.org\/radiomangle.org\/wp-json\/wp\/v2\/comments?post=119"}],"version-history":[{"count":2,"href":"https:\/\/radiomangle.org\/radiomangle.org\/wp-json\/wp\/v2\/posts\/119\/revisions"}],"predecessor-version":[{"id":125,"href":"https:\/\/radiomangle.org\/radiomangle.org\/wp-json\/wp\/v2\/posts\/119\/revisions\/125"}],"wp:featuredmedia":[{"embeddable":true,"href":"https:\/\/radiomangle.org\/radiomangle.org\/wp-json\/wp\/v2\/media\/120"}],"wp:attachment":[{"href":"https:\/\/radiomangle.org\/radiomangle.org\/wp-json\/wp\/v2\/media?parent=119"}],"wp:term":[{"taxonomy":"category","embeddable":true,"href":"https:\/\/radiomangle.org\/radiomangle.org\/wp-json\/wp\/v2\/categories?post=119"},{"taxonomy":"post_tag","embeddable":true,"href":"https:\/\/radiomangle.org\/radiomangle.org\/wp-json\/wp\/v2\/tags?post=119"}],"curies":[{"name":"wp","href":"https:\/\/api.w.org\/{rel}","templated":true}]}}