{"id":115,"date":"2022-03-06T00:10:00","date_gmt":"2022-03-06T00:10:00","guid":{"rendered":"https:\/\/radiomangle.org\/radiomangle.org\/?p=115"},"modified":"2022-03-08T15:58:41","modified_gmt":"2022-03-08T15:58:41","slug":"proceso-de-serigrafia-estampado-en-camiseta","status":"publish","type":"post","link":"https:\/\/radiomangle.org\/radiomangle.org\/2022\/03\/06\/proceso-de-serigrafia-estampado-en-camiseta\/","title":{"rendered":"Proceso de serigraf\u00eda (Estampado En Camiseta)"},"content":{"rendered":"<body>\n<p>Alrededor de 11 j\u00f3venes de la bah\u00eda de Jiquilisco, formar\u00e1n parte del proceso formativo en serigraf\u00eda, que ser\u00e1 impartido en las instalaciones de la Asociaci\u00f3n Mangle, en la cual se impartir\u00e1: dise\u00f1o de moldes por plantilla, elaboraci\u00f3n de dise\u00f1o de cuatricrom\u00eda, entre otras t\u00e9cnicas etc.<\/p>\n\n\n\n<figure class=\"wp-block-image size-large\"><img data-recalc-dims=\"1\" decoding=\"async\" width=\"640\" height=\"288\" src=\"https:\/\/i0.wp.com\/radiomangle.org\/radiomangle.org\/wp-content\/uploads\/2022\/03\/IMG-20220228-WA0030-1.jpg?resize=640%2C288&#038;ssl=1\" alt=\"\" class=\"wp-image-117\" loading=\"lazy\" srcset=\"https:\/\/i0.wp.com\/radiomangle.org\/radiomangle.org\/wp-content\/uploads\/2022\/03\/IMG-20220228-WA0030-1.jpg?resize=1024%2C461&amp;ssl=1 1024w, https:\/\/i0.wp.com\/radiomangle.org\/radiomangle.org\/wp-content\/uploads\/2022\/03\/IMG-20220228-WA0030-1.jpg?resize=300%2C135&amp;ssl=1 300w, https:\/\/i0.wp.com\/radiomangle.org\/radiomangle.org\/wp-content\/uploads\/2022\/03\/IMG-20220228-WA0030-1.jpg?resize=768%2C346&amp;ssl=1 768w, https:\/\/i0.wp.com\/radiomangle.org\/radiomangle.org\/wp-content\/uploads\/2022\/03\/IMG-20220228-WA0030-1.jpg?w=1280&amp;ssl=1 1280w\" sizes=\"auto, (max-width: 640px) 100vw, 640px\" \/><figcaption>Por: Ver\u00f3nica Cruz<\/figcaption><\/figure>\n\n\n\n<p>Con estos talleres se prende buscar el desarrollo, la estabilidad y potenciar las capacidades, para los j\u00f3venes que quieran emprender en un negocio propio, siendo as\u00ed que los j\u00f3venes ven una gran oportunidad y desarrollo para su vida. Mientras tanto, uno de los participantes, Fredy Alberto Ortiz declaro que: \u201csoy un miembro que quiero participar en el taller de serigraf\u00eda, y unas de mis expectativas es aprender un nuevo conocimiento y tambi\u00e9n que me puede ayudar para implementar una idea de negocio que sea propio para seguir adelante y continuar con mis estudios, son mis expectativas que me he puesto\u201d. concluyo el joven.<\/p>\n\n\n\n<p>Los requisitos tomados para el desarrollo de los talleres son:<\/p>\n\n\n\n<p><strong>\u2981 De 15 a 29 a\u00f1os.<\/strong><br><strong>\u2981 Compromiso de participaci\u00f3n en todo el proceso de capacitaci\u00f3n.<br>\u2981 Ser proactivo.<br>\u2981 Puntualidad.<br>\u2981 Concentraci\u00f3n en las jornadas<\/strong><\/p>\n\n\n\n<p>Para el coordinador del proyecto de serigraf\u00eda Juan Luna, considera que este es un taller importante para lograr desarrollar capacidades y habilidades y poder reducir la migraci\u00f3n de los j\u00f3venes de la zona, siendo una fuente econ\u00f3mica local y familiar para los j\u00f3venes que participar\u00e1n de \u00e9ste proceso formativo.<\/p>\n\n\n\n<p>Los 6 Talleres a impartir en serigraf\u00eda son completamente pr\u00e1cticos, en donde adem\u00e1s se complementar\u00e1 compartiendo material did\u00e1ctico para reforzar cada jornada.<\/p>\n\n\n\n<p>Este esfuerzo apoyado por la Fundaci\u00f3n Interamericana FIA se realiza como parte de las actividades del Proyecto \u201cHombres y Mujeres desarrollando la agroecolog\u00eda y emprendedurismo para el desarrollo local sostenible en la Reserva de Biosfera Xiriualtique-Jiquilisco\u201d, el cual es coincidente con las transformaciones que desde Asociaci\u00f3n Mangle se tienen para apoyar la juventud a nivel de la Reserva de Biosfera Xiriualtique-Jiquilisco , concluy\u00f3 Juan Luna.<\/p>\n<\/body>","protected":false},"excerpt":{"rendered":"<p>Alrededor de 11 j\u00f3venes de la bah\u00eda de Jiquilisco, formar\u00e1n parte del proceso formativo en serigraf\u00eda, que ser\u00e1 impartido en las instalaciones de la Asociaci\u00f3n Mangle, en la cual se impartir\u00e1: dise\u00f1o de moldes por plantilla, elaboraci\u00f3n de dise\u00f1o de cuatricrom\u00eda, entre otras t\u00e9cnicas etc. Con estos talleres se prende buscar el desarrollo, la estabilidad [&hellip;]<\/p>\n","protected":false},"author":1,"featured_media":117,"comment_status":"open","ping_status":"open","sticky":false,"template":"","format":"standard","meta":{"om_disable_all_campaigns":false,"pagelayer_contact_templates":[],"_pagelayer_content":"","_jetpack_memberships_contains_paid_content":false,"footnotes":""},"categories":[4],"tags":[],"class_list":["post-115","post","type-post","status-publish","format-standard","has-post-thumbnail","hentry","category-nacionales"],"jetpack_featured_media_url":"https:\/\/i0.wp.com\/radiomangle.org\/radiomangle.org\/wp-content\/uploads\/2022\/03\/IMG-20220228-WA0030-1.jpg?fit=1280%2C576&ssl=1","jetpack_sharing_enabled":true,"_links":{"self":[{"href":"https:\/\/radiomangle.org\/radiomangle.org\/wp-json\/wp\/v2\/posts\/115","targetHints":{"allow":["GET"]}}],"collection":[{"href":"https:\/\/radiomangle.org\/radiomangle.org\/wp-json\/wp\/v2\/posts"}],"about":[{"href":"https:\/\/radiomangle.org\/radiomangle.org\/wp-json\/wp\/v2\/types\/post"}],"author":[{"embeddable":true,"href":"https:\/\/radiomangle.org\/radiomangle.org\/wp-json\/wp\/v2\/users\/1"}],"replies":[{"embeddable":true,"href":"https:\/\/radiomangle.org\/radiomangle.org\/wp-json\/wp\/v2\/comments?post=115"}],"version-history":[{"count":1,"href":"https:\/\/radiomangle.org\/radiomangle.org\/wp-json\/wp\/v2\/posts\/115\/revisions"}],"predecessor-version":[{"id":118,"href":"https:\/\/radiomangle.org\/radiomangle.org\/wp-json\/wp\/v2\/posts\/115\/revisions\/118"}],"wp:featuredmedia":[{"embeddable":true,"href":"https:\/\/radiomangle.org\/radiomangle.org\/wp-json\/wp\/v2\/media\/117"}],"wp:attachment":[{"href":"https:\/\/radiomangle.org\/radiomangle.org\/wp-json\/wp\/v2\/media?parent=115"}],"wp:term":[{"taxonomy":"category","embeddable":true,"href":"https:\/\/radiomangle.org\/radiomangle.org\/wp-json\/wp\/v2\/categories?post=115"},{"taxonomy":"post_tag","embeddable":true,"href":"https:\/\/radiomangle.org\/radiomangle.org\/wp-json\/wp\/v2\/tags?post=115"}],"curies":[{"name":"wp","href":"https:\/\/api.w.org\/{rel}","templated":true}]}}