{"id":104,"date":"2022-02-18T16:20:46","date_gmt":"2022-02-18T16:20:46","guid":{"rendered":"https:\/\/radiomangle.org\/radiomangle.org\/?p=104"},"modified":"2022-02-21T18:56:28","modified_gmt":"2022-02-21T18:56:28","slug":"inauguracion-de-la-casa-de-dia-en-zamoran","status":"publish","type":"post","link":"https:\/\/radiomangle.org\/radiomangle.org\/2022\/02\/18\/inauguracion-de-la-casa-de-dia-en-zamoran\/","title":{"rendered":"Inauguraci\u00f3n de la Casa de Dia en Zamoran"},"content":{"rendered":"<body>\n<figure class=\"wp-block-image size-large is-resized\"><img data-recalc-dims=\"1\" decoding=\"async\" src=\"https:\/\/i0.wp.com\/radiomangle.org\/radiomangle.org\/wp-content\/uploads\/2022\/02\/1-1-1024x461.jpg?resize=640%2C288\" alt=\"\" class=\"wp-image-108\" width=\"640\" height=\"288\" loading=\"lazy\" srcset=\"https:\/\/i0.wp.com\/radiomangle.org\/radiomangle.org\/wp-content\/uploads\/2022\/02\/1-1.jpg?resize=1024%2C461&amp;ssl=1 1024w, https:\/\/i0.wp.com\/radiomangle.org\/radiomangle.org\/wp-content\/uploads\/2022\/02\/1-1.jpg?resize=300%2C135&amp;ssl=1 300w, https:\/\/i0.wp.com\/radiomangle.org\/radiomangle.org\/wp-content\/uploads\/2022\/02\/1-1.jpg?resize=768%2C346&amp;ssl=1 768w, https:\/\/i0.wp.com\/radiomangle.org\/radiomangle.org\/wp-content\/uploads\/2022\/02\/1-1.jpg?w=1280&amp;ssl=1 1280w\" sizes=\"auto, (max-width: 640px) 100vw, 640px\" \/><\/figure>\n\n\n\n<p class=\"has-drop-cap\"><strong><em>C<\/em><\/strong>on hermosos cantos y mucha alegr\u00eda Las Comunidades Eclesiales de Base del Bajo Lempa, inauguraron la casa de d\u00eda para el adulto mayor en la comunidad el zamorano, con el objetivo de ser un espacio de encuentro con la poblaci\u00f3n adulta mayor de la zona.<\/p>\n\n\n\n<p>Nohem\u00ed Ortiz de las comunidades eclesiales de base nos comenta m\u00e1s en qu\u00e9 consistir\u00e1.<\/p>\n\n\n\n<p>Ver\u00f3nica Mendoza una de las encargadas de la casa de d\u00eda nos menciona m\u00e1s a detalle de las atenciones que se brindaran en este lugar.<\/p>\n\n\n\n<p>La poblaci\u00f3n adulta mayor manifest\u00f3 sentirse contentos porque se ver\u00e1n beneficiados con atenciones m\u00e9dicas.<\/p>\n\n\n\n<p>En la inauguraci\u00f3n se dio a conocer la ley que protege al adulto mayor para que de esta forma sean conocedores en que consiste la ley, tambi\u00e9n hubo participaci\u00f3n de puntos art\u00edsticos.<\/p>\n\n\n\n<p>La casa de d\u00eda empez\u00f3 sus labores este d\u00eda 31 de enero con horarios diurnos de 7 a 3 de la tarde los d\u00edas lunes, martes, mi\u00e9rcoles y s\u00e1bado.<\/p>\n<\/body>","protected":false},"excerpt":{"rendered":"<p>Con hermosos cantos y mucha alegr\u00eda Las Comunidades Eclesiales de Base del Bajo Lempa, inauguraron la casa de d\u00eda para el adulto mayor en la comunidad el zamorano, con el objetivo de ser un espacio de encuentro con la poblaci\u00f3n adulta mayor de la zona. Nohem\u00ed Ortiz de las comunidades eclesiales de base nos comenta [&hellip;]<\/p>\n","protected":false},"author":1,"featured_media":106,"comment_status":"open","ping_status":"open","sticky":false,"template":"","format":"standard","meta":{"om_disable_all_campaigns":true,"pagelayer_contact_templates":[],"_pagelayer_content":"","_jetpack_memberships_contains_paid_content":false,"footnotes":""},"categories":[4],"tags":[],"class_list":["post-104","post","type-post","status-publish","format-standard","has-post-thumbnail","hentry","category-nacionales"],"jetpack_featured_media_url":"https:\/\/i0.wp.com\/radiomangle.org\/radiomangle.org\/wp-content\/uploads\/2022\/02\/1.jpg?fit=1280%2C576&ssl=1","jetpack_sharing_enabled":true,"_links":{"self":[{"href":"https:\/\/radiomangle.org\/radiomangle.org\/wp-json\/wp\/v2\/posts\/104","targetHints":{"allow":["GET"]}}],"collection":[{"href":"https:\/\/radiomangle.org\/radiomangle.org\/wp-json\/wp\/v2\/posts"}],"about":[{"href":"https:\/\/radiomangle.org\/radiomangle.org\/wp-json\/wp\/v2\/types\/post"}],"author":[{"embeddable":true,"href":"https:\/\/radiomangle.org\/radiomangle.org\/wp-json\/wp\/v2\/users\/1"}],"replies":[{"embeddable":true,"href":"https:\/\/radiomangle.org\/radiomangle.org\/wp-json\/wp\/v2\/comments?post=104"}],"version-history":[{"count":3,"href":"https:\/\/radiomangle.org\/radiomangle.org\/wp-json\/wp\/v2\/posts\/104\/revisions"}],"predecessor-version":[{"id":111,"href":"https:\/\/radiomangle.org\/radiomangle.org\/wp-json\/wp\/v2\/posts\/104\/revisions\/111"}],"wp:featuredmedia":[{"embeddable":true,"href":"https:\/\/radiomangle.org\/radiomangle.org\/wp-json\/wp\/v2\/media\/106"}],"wp:attachment":[{"href":"https:\/\/radiomangle.org\/radiomangle.org\/wp-json\/wp\/v2\/media?parent=104"}],"wp:term":[{"taxonomy":"category","embeddable":true,"href":"https:\/\/radiomangle.org\/radiomangle.org\/wp-json\/wp\/v2\/categories?post=104"},{"taxonomy":"post_tag","embeddable":true,"href":"https:\/\/radiomangle.org\/radiomangle.org\/wp-json\/wp\/v2\/tags?post=104"}],"curies":[{"name":"wp","href":"https:\/\/api.w.org\/{rel}","templated":true}]}}